{"id":390718,"date":"2026-08-03T21:54:19","date_gmt":"2026-08-04T01:54:19","guid":{"rendered":"https:\/\/www.rael.org\/snizeni-svetove-populace-na-polovinu\/"},"modified":"2026-08-03T21:54:19","modified_gmt":"2026-08-04T01:54:19","slug":"snizeni-svetove-populace-na-polovinu","status":"publish","type":"post","link":"https:\/\/www.rael.org\/cs\/snizeni-svetove-populace-na-polovinu\/","title":{"rendered":"Sn\u00ed\u017een\u00ed sv\u011btov\u00e9 populace na polovinu"},"content":{"rendered":"<h5><span style=\"color: #008080;\"><strong>RAEL\u016eV KOMENT\u00c1\u0158:<\/strong><\/span><\/h5>\n<h5><strong><span style=\"color: #008080;\">Ano! Je to nevyhnuteln\u00e9!<\/span><\/strong><\/h5>\n<p><span style=\"color: #008080;\"><strong><!--more--><\/strong><\/span><\/p>\n<div class=\"article__summary summary \">\n<p>Podle nov\u00e9 studie je sn\u00ed\u017een\u00ed po\u010dtu obyvatel Zem\u011b na polovinu nejlep\u0161\u00ed cestou k udr\u017eiteln\u00e9 budoucnosti<\/p>\n<p>Nov\u00e1 recenzovan\u00e1 studie tvrd\u00ed, \u017ee jednou z nej\u00fa\u010dinn\u011bj\u0161\u00edch dlouhodob\u00fdch cest k environment\u00e1ln\u00ed udr\u017eitelnosti by bylo postupn\u00e9 sni\u017eov\u00e1n\u00ed po\u010dtu obyvatel Zem\u011b z dne\u0161n\u00edch p\u0159ibli\u017en\u011b 8,3 miliardy na zhruba 4 miliardy do roku 2200.<\/p>\n<p>Studie, kter\u00e1 vy\u0161la v \u010dasopise \u201eSustainable Development\u201c, nenavrhuje nucenou regulaci porodnosti. Auto\u0159i naopak tvrd\u00ed, \u017ee k t\u00e9to zm\u011bn\u011b by mohlo doj\u00edt dobrovoln\u011b d\u00edky lep\u0161\u00edmu p\u0159\u00edstupu ke vzd\u011bl\u00e1n\u00ed, zlep\u0161en\u00ed reproduk\u010dn\u00ed zdravotn\u00ed p\u00e9\u010de a v\u011bt\u0161\u00edm p\u0159\u00edle\u017eitostem pro \u017eeny po cel\u00e9m sv\u011bt\u011b.<br \/>\nTato my\u0161lenka vych\u00e1z\u00ed z trendu, kter\u00fd ji\u017e lze pozorovat v mnoha zem\u00edch.<\/p>\n<p><a href=\"https:\/\/www.facebook.com\/rael.maitreya\/posts\/pfbid038LXgEBx5MupKVY6ZEH4pLeNRCynN6CyYMXwnrLWQYumURj4MrRZyELjwPGftMJuJl\" target=\"_blank\" rel=\"noopener noreferrer\">Zdroj<\/a><\/p>\n<\/div>\n","protected":false},"excerpt":{"rendered":"<p>RAEL\u016eV KOMENT\u00c1\u0158: Ano! Je to nevyhnuteln\u00e9!<\/p>\n","protected":false},"author":131,"featured_media":0,"comment_status":"closed","ping_status":"closed","sticky":false,"template":"","format":"standard","meta":{"_acf_changed":false,"footnotes":""},"categories":[5628],"tags":[],"class_list":["post-390718","post","type-post","status-publish","format-standard","hentry","category-raels-comments"],"acf":[],"_links":{"self":[{"href":"https:\/\/www.rael.org\/cs\/wp-json\/wp\/v2\/posts\/390718","targetHints":{"allow":["GET"]}}],"collection":[{"href":"https:\/\/www.rael.org\/cs\/wp-json\/wp\/v2\/posts"}],"about":[{"href":"https:\/\/www.rael.org\/cs\/wp-json\/wp\/v2\/types\/post"}],"author":[{"embeddable":true,"href":"https:\/\/www.rael.org\/cs\/wp-json\/wp\/v2\/users\/131"}],"replies":[{"embeddable":true,"href":"https:\/\/www.rael.org\/cs\/wp-json\/wp\/v2\/comments?post=390718"}],"version-history":[{"count":0,"href":"https:\/\/www.rael.org\/cs\/wp-json\/wp\/v2\/posts\/390718\/revisions"}],"wp:attachment":[{"href":"https:\/\/www.rael.org\/cs\/wp-json\/wp\/v2\/media?parent=390718"}],"wp:term":[{"taxonomy":"category","embeddable":true,"href":"https:\/\/www.rael.org\/cs\/wp-json\/wp\/v2\/categories?post=390718"},{"taxonomy":"post_tag","embeddable":true,"href":"https:\/\/www.rael.org\/cs\/wp-json\/wp\/v2\/tags?post=390718"}],"curies":[{"name":"wp","href":"https:\/\/api.w.org\/{rel}","templated":true}]}}