{"id":390486,"date":"2026-05-07T11:20:27","date_gmt":"2026-05-07T15:20:27","guid":{"rendered":"https:\/\/www.rael.org\/circuncisao\/"},"modified":"2026-08-29T05:15:22","modified_gmt":"2026-08-29T09:15:22","slug":"circuncisao","status":"publish","type":"post","link":"https:\/\/www.rael.org\/pt-pt\/circuncisao\/","title":{"rendered":"Circuncis\u00e3o"},"content":{"rendered":"<h5><span style=\"color: #008080;\"><strong>COMENT\u00c1RIO DE RAEL: <\/strong><\/span><\/h5>\n<h5><strong><span style=\"color: #008080;\">Isto \u00e9 uma mutila\u00e7\u00e3o sexual que devia ser proibida em todo o lado.<\/span><\/strong><\/h5>\n<p><span style=\"color: #008080;\"><strong><!--more--><\/strong><\/span><\/p>\n<div class=\"article__summary summary \">\n<p>A decis\u00e3o da justi\u00e7a belga de instaurar um processo contra dois mohels por circuncis\u00e3o ilegal em Antu\u00e9rpia est\u00e1 a causar grande indigna\u00e7\u00e3o em Israel.<br \/>\nO Minist\u00e9rio P\u00fablico de Antu\u00e9rpia anunciou que pretende remeter estes dois profissionais para o Tribunal Correcional, qualificando os factos como \u00abagress\u00e3o volunt\u00e1ria e les\u00f5es premeditadas contra menores\u00bb e \u00abexerc\u00edcio ilegal da medicina\u00bb. Est\u00e1 marcada uma audi\u00eancia \u00e0 porta fechada para 18 de junho, para decidir sobre um poss\u00edvel julgamento.<br \/>\nO processo, aberto na sequ\u00eancia de buscas realizadas em 2025 em v\u00e1rios locais, incluindo na comunidade judaica local, surge na sequ\u00eancia de uma queixa relativa \u00e0 pr\u00e1tica de circuncis\u00e3o fora do \u00e2mbito m\u00e9dico.<br \/>\nMas a rea\u00e7\u00e3o israelita foi inesperada. O ministro israelita Gideon Saar denunciou veementemente uma viola\u00e7\u00e3o das pr\u00e1ticas religiosas judaicas. Nas redes sociais, acusou a B\u00e9lgica de \u00abentrar para a lista da vergonha\u00bb, considerando que o recurso ao direito penal contra ritos religiosos constitui uma tend\u00eancia preocupante.<br \/>\nV\u00e1rias organiza\u00e7\u00f5es judaicas, incluindo a Associa\u00e7\u00e3o Judaica Europeia, tamb\u00e9m condenaram a medida, referindo-se a uma \u00ablinha vermelha\u00bb e a uma amea\u00e7a \u00e0 liberdade religiosa.<\/p>\n<p><a href=\"https:\/\/www.facebook.com\/rael.maitreya\/posts\/pfbid031HpFry2syAcjaAwMddqvnh8YNkT5sDQbowTesZyn2czZf8x5EXwejMc3m95q8oNal\" target=\"_blank\" rel=\"noopener noreferrer\">Fonte<\/a><\/p>\n<\/div>\n","protected":false},"excerpt":{"rendered":"<p>COMENT\u00c1RIO DE RAEL: Isto \u00e9 uma mutila\u00e7\u00e3o sexual que devia ser proibida em todo o lado.<\/p>\n","protected":false},"author":131,"featured_media":0,"comment_status":"closed","ping_status":"closed","sticky":false,"template":"","format":"standard","meta":{"_acf_changed":false,"footnotes":""},"categories":[5628],"tags":[],"class_list":["post-390486","post","type-post","status-publish","format-standard","hentry","category-raels-comments"],"acf":[],"_links":{"self":[{"href":"https:\/\/www.rael.org\/pt-pt\/wp-json\/wp\/v2\/posts\/390486","targetHints":{"allow":["GET"]}}],"collection":[{"href":"https:\/\/www.rael.org\/pt-pt\/wp-json\/wp\/v2\/posts"}],"about":[{"href":"https:\/\/www.rael.org\/pt-pt\/wp-json\/wp\/v2\/types\/post"}],"author":[{"embeddable":true,"href":"https:\/\/www.rael.org\/pt-pt\/wp-json\/wp\/v2\/users\/131"}],"replies":[{"embeddable":true,"href":"https:\/\/www.rael.org\/pt-pt\/wp-json\/wp\/v2\/comments?post=390486"}],"version-history":[{"count":1,"href":"https:\/\/www.rael.org\/pt-pt\/wp-json\/wp\/v2\/posts\/390486\/revisions"}],"predecessor-version":[{"id":390674,"href":"https:\/\/www.rael.org\/pt-pt\/wp-json\/wp\/v2\/posts\/390486\/revisions\/390674"}],"wp:attachment":[{"href":"https:\/\/www.rael.org\/pt-pt\/wp-json\/wp\/v2\/media?parent=390486"}],"wp:term":[{"taxonomy":"category","embeddable":true,"href":"https:\/\/www.rael.org\/pt-pt\/wp-json\/wp\/v2\/categories?post=390486"},{"taxonomy":"post_tag","embeddable":true,"href":"https:\/\/www.rael.org\/pt-pt\/wp-json\/wp\/v2\/tags?post=390486"}],"curies":[{"name":"wp","href":"https:\/\/api.w.org\/{rel}","templated":true}]}}